{"id":239,"date":"2026-02-04T18:00:01","date_gmt":"2026-02-04T17:00:01","guid":{"rendered":"http:\/\/lamusaraigne.com\/?p=239"},"modified":"2026-02-04T18:00:03","modified_gmt":"2026-02-04T17:00:03","slug":"la-poesie-parcourt-le-monde-pays-perdu","status":"publish","type":"post","link":"https:\/\/lamusaraigne.com\/index.php\/2026\/02\/04\/la-poesie-parcourt-le-monde-pays-perdu\/","title":{"rendered":"La po\u00e9sie parcourt le monde&#8230; Pays Perdu"},"content":{"rendered":"[et_pb_section fb_built=&#8221;1&#8243; _builder_version=&#8221;4.27.4&#8243; _module_preset=&#8221;default&#8221; global_colors_info=&#8221;{}&#8221;][et_pb_row _builder_version=&#8221;4.27.4&#8243; _module_preset=&#8221;default&#8221; background_color=&#8221;#e2d5c5&#8243; custom_margin=&#8221;||||false|false&#8221; custom_padding=&#8221;|20px||20px|false|false&#8221; global_colors_info=&#8221;{}&#8221;][et_pb_column type=&#8221;4_4&#8243; _builder_version=&#8221;4.27.4&#8243; _module_preset=&#8221;default&#8221; global_colors_info=&#8221;{}&#8221;][et_pb_text _builder_version=&#8221;4.27.5&#8243; _module_preset=&#8221;default&#8221; text_text_color=&#8221;#2b2651&#8243; hover_enabled=&#8221;0&#8243; global_colors_info=&#8221;{}&#8221; sticky_enabled=&#8221;0&#8243;]<p><span style=\"color: #333399; font-size: large;\">Des po\u00e8mes de Georges de Cagliari sont mis en ligne sur la page facebook, vus et comment\u00e9s par des milliers de personnes de par le monde. Merci \u00e0 la communaut\u00e9 des ami.es de Georges de Cagliari.<\/span><\/p>[\/et_pb_text][et_pb_divider show_divider=&#8221;off&#8221; _builder_version=&#8221;4.27.4&#8243; _module_preset=&#8221;default&#8221; global_colors_info=&#8221;{}&#8221;][\/et_pb_divider][et_pb_code _builder_version=&#8221;4.27.4&#8243; _module_preset=&#8221;default&#8221; text_orientation=&#8221;left&#8221; global_colors_info=&#8221;{}&#8221;]<iframe loading=\"lazy\" src=\"https:\/\/www.facebook.com\/plugins\/post.php?href=https%3A%2F%2Fwww.facebook.com%2Fgdecagliari%2Fposts%2Fpfbid0ukLQHEAsMwPshBrBuwug5unCKxdPnwqtRoxbck31hB87kmVU3T63zHt9kAJ5y4hQl&#038;show_text=true&#038;width=500\" width=\"600\" height=\"214\" style=\"border:none;overflow:hidden\" scrolling=\"no\" frameborder=\"0\" allowfullscreen=\"true\" allow=\"autoplay; clipboard-write; encrypted-media; picture-in-picture; web-share\"><\/iframe>[\/et_pb_code][et_pb_code _builder_version=&#8221;4.27.4&#8243; _module_preset=&#8221;default&#8221; global_colors_info=&#8221;{}&#8221;]<iframe loading=\"lazy\" src=\"https:\/\/www.facebook.com\/plugins\/post.php?href=https%3A%2F%2Fwww.facebook.com%2Fgdecagliari%2Fposts%2Fpfbid02FxvZTGm3Ga2HejNwoqQtDSHQVbkGWLRgyrSn7eKvGq8UZ1gRUXdAAB9j4dyH2b5Ql&#038;show_text=true&#038;width=500\" width=\"500\" height=\"200\" style=\"border:none;overflow:hidden\" scrolling=\"no\" frameborder=\"0\" allowfullscreen=\"true\" allow=\"autoplay; clipboard-write; encrypted-media; picture-in-picture; web-share\"><\/iframe>[\/et_pb_code][et_pb_code _builder_version=&#8221;4.27.4&#8243; _module_preset=&#8221;default&#8221; global_colors_info=&#8221;{}&#8221;]<iframe loading=\"lazy\" src=\"https:\/\/www.facebook.com\/plugins\/post.php?href=https%3A%2F%2Fwww.facebook.com%2Fgdecagliari%2Fposts%2Fpfbid034HpYbWWBwirzeDYzaQTkPDSjYpF8p1NmyVRgR2ZtJyN64NvMFMyBqgU5YopN46cfl&#038;show_text=true&#038;width=500\" width=\"500\" height=\"213\" style=\"border:none;overflow:hidden\" scrolling=\"no\" frameborder=\"0\" allowfullscreen=\"true\" allow=\"autoplay; clipboard-write; encrypted-media; picture-in-picture; web-share\"><\/iframe>[\/et_pb_code][\/et_pb_column][\/et_pb_row][\/et_pb_section]","protected":false},"excerpt":{"rendered":"<p>Des po\u00e8mes de Georges de Cagliari sont mis en ligne sur la page facebook, vus et comment\u00e9s par des milliers de personnes de par le monde. Merci \u00e0 la communaut\u00e9 des ami.es de Georges de Cagliari.<\/p>\n","protected":false},"author":1,"featured_media":0,"comment_status":"closed","ping_status":"open","sticky":false,"template":"","format":"standard","meta":{"_et_pb_use_builder":"on","_et_pb_old_content":"","_et_gb_content_width":"1080","footnotes":""},"categories":[27],"tags":[],"class_list":["post-239","post","type-post","status-publish","format-standard","hentry","category-la-poesie-parcourt-le-monde"],"yoast_head":"<!-- This site is optimized with the Yoast SEO plugin v25.1 - https:\/\/yoast.com\/wordpress\/plugins\/seo\/ -->\n<title>La po\u00e9sie parcourt le monde... Pays Perdu - La Musaraigne<\/title>\n<meta name=\"robots\" content=\"index, follow, max-snippet:-1, max-image-preview:large, max-video-preview:-1\" \/>\n<link rel=\"canonical\" href=\"https:\/\/lamusaraigne.com\/index.php\/2026\/02\/04\/la-poesie-parcourt-le-monde-pays-perdu\/\" \/>\n<meta property=\"og:locale\" content=\"en_US\" \/>\n<meta property=\"og:type\" content=\"article\" \/>\n<meta property=\"og:title\" content=\"La po\u00e9sie parcourt le monde... Pays Perdu - La Musaraigne\" \/>\n<meta property=\"og:description\" content=\"Des po\u00e8mes de Georges de Cagliari sont mis en ligne sur la page facebook, vus et comment\u00e9s par des milliers de personnes de par le monde. Merci \u00e0 la communaut\u00e9 des ami.es de Georges de Cagliari.\" \/>\n<meta property=\"og:url\" content=\"https:\/\/lamusaraigne.com\/index.php\/2026\/02\/04\/la-poesie-parcourt-le-monde-pays-perdu\/\" \/>\n<meta property=\"og:site_name\" content=\"La Musaraigne\" \/>\n<meta property=\"article:published_time\" content=\"2026-02-04T17:00:01+00:00\" \/>\n<meta property=\"article:modified_time\" content=\"2026-02-04T17:00:03+00:00\" \/>\n<meta name=\"author\" content=\"Sara\" \/>\n<meta name=\"twitter:card\" content=\"summary_large_image\" \/>\n<meta name=\"twitter:label1\" content=\"Written by\" \/>\n\t<meta name=\"twitter:data1\" content=\"Sara\" \/>\n\t<meta name=\"twitter:label2\" content=\"Est. reading time\" \/>\n\t<meta name=\"twitter:data2\" content=\"1 minute\" \/>\n<script type=\"application\/ld+json\" class=\"yoast-schema-graph\">{\"@context\":\"https:\/\/schema.org\",\"@graph\":[{\"@type\":\"Article\",\"@id\":\"https:\/\/lamusaraigne.com\/index.php\/2026\/02\/04\/la-poesie-parcourt-le-monde-pays-perdu\/#article\",\"isPartOf\":{\"@id\":\"https:\/\/lamusaraigne.com\/index.php\/2026\/02\/04\/la-poesie-parcourt-le-monde-pays-perdu\/\"},\"author\":{\"name\":\"Sara\",\"@id\":\"http:\/\/lamusaraigne.com\/#\/schema\/person\/760b20ee454da6fee232b30b5f65c6f3\"},\"headline\":\"La po\u00e9sie parcourt le monde&#8230; Pays Perdu\",\"datePublished\":\"2026-02-04T17:00:01+00:00\",\"dateModified\":\"2026-02-04T17:00:03+00:00\",\"mainEntityOfPage\":{\"@id\":\"https:\/\/lamusaraigne.com\/index.php\/2026\/02\/04\/la-poesie-parcourt-le-monde-pays-perdu\/\"},\"wordCount\":190,\"publisher\":{\"@id\":\"http:\/\/lamusaraigne.com\/#organization\"},\"articleSection\":[\"La po\u00e9sie parcourt le monde\"],\"inLanguage\":\"en-US\"},{\"@type\":\"WebPage\",\"@id\":\"https:\/\/lamusaraigne.com\/index.php\/2026\/02\/04\/la-poesie-parcourt-le-monde-pays-perdu\/\",\"url\":\"https:\/\/lamusaraigne.com\/index.php\/2026\/02\/04\/la-poesie-parcourt-le-monde-pays-perdu\/\",\"name\":\"La po\u00e9sie parcourt le monde... Pays Perdu - La Musaraigne\",\"isPartOf\":{\"@id\":\"http:\/\/lamusaraigne.com\/#website\"},\"datePublished\":\"2026-02-04T17:00:01+00:00\",\"dateModified\":\"2026-02-04T17:00:03+00:00\",\"breadcrumb\":{\"@id\":\"https:\/\/lamusaraigne.com\/index.php\/2026\/02\/04\/la-poesie-parcourt-le-monde-pays-perdu\/#breadcrumb\"},\"inLanguage\":\"en-US\",\"potentialAction\":[{\"@type\":\"ReadAction\",\"target\":[\"https:\/\/lamusaraigne.com\/index.php\/2026\/02\/04\/la-poesie-parcourt-le-monde-pays-perdu\/\"]}]},{\"@type\":\"BreadcrumbList\",\"@id\":\"https:\/\/lamusaraigne.com\/index.php\/2026\/02\/04\/la-poesie-parcourt-le-monde-pays-perdu\/#breadcrumb\",\"itemListElement\":[{\"@type\":\"ListItem\",\"position\":1,\"name\":\"Accueil\",\"item\":\"https:\/\/lamusaraigne.com\/\"},{\"@type\":\"ListItem\",\"position\":2,\"name\":\"La po\u00e9sie parcourt le monde&#8230; Pays Perdu\"}]},{\"@type\":\"WebSite\",\"@id\":\"http:\/\/lamusaraigne.com\/#website\",\"url\":\"http:\/\/lamusaraigne.com\/\",\"name\":\"La Musaraigne\",\"description\":\"\u00c9diteur ind\u00e9pendant\",\"publisher\":{\"@id\":\"http:\/\/lamusaraigne.com\/#organization\"},\"potentialAction\":[{\"@type\":\"SearchAction\",\"target\":{\"@type\":\"EntryPoint\",\"urlTemplate\":\"http:\/\/lamusaraigne.com\/?s={search_term_string}\"},\"query-input\":{\"@type\":\"PropertyValueSpecification\",\"valueRequired\":true,\"valueName\":\"search_term_string\"}}],\"inLanguage\":\"en-US\"},{\"@type\":\"Organization\",\"@id\":\"http:\/\/lamusaraigne.com\/#organization\",\"name\":\"La Musaraigne\",\"url\":\"http:\/\/lamusaraigne.com\/\",\"logo\":{\"@type\":\"ImageObject\",\"inLanguage\":\"en-US\",\"@id\":\"http:\/\/lamusaraigne.com\/#\/schema\/logo\/image\/\",\"url\":\"https:\/\/lamusaraigne.com\/wp-content\/uploads\/2024\/11\/la-musaraigne-logo-rond-1-e1732641360688.png\",\"contentUrl\":\"https:\/\/lamusaraigne.com\/wp-content\/uploads\/2024\/11\/la-musaraigne-logo-rond-1-e1732641360688.png\",\"width\":250,\"height\":250,\"caption\":\"La Musaraigne\"},\"image\":{\"@id\":\"http:\/\/lamusaraigne.com\/#\/schema\/logo\/image\/\"}},{\"@type\":\"Person\",\"@id\":\"http:\/\/lamusaraigne.com\/#\/schema\/person\/760b20ee454da6fee232b30b5f65c6f3\",\"name\":\"Sara\",\"image\":{\"@type\":\"ImageObject\",\"inLanguage\":\"en-US\",\"@id\":\"http:\/\/lamusaraigne.com\/#\/schema\/person\/image\/\",\"url\":\"https:\/\/secure.gravatar.com\/avatar\/cb75b2ce2cac3c41adcbc14cbaa09418f8620b1627fc87f4f535f1a7a1130a36?s=96&d=mm&r=g\",\"contentUrl\":\"https:\/\/secure.gravatar.com\/avatar\/cb75b2ce2cac3c41adcbc14cbaa09418f8620b1627fc87f4f535f1a7a1130a36?s=96&d=mm&r=g\",\"caption\":\"Sara\"},\"sameAs\":[\"http:\/\/lamusaraigne.com\"],\"url\":\"https:\/\/lamusaraigne.com\/index.php\/author\/sara\/\"}]}<\/script>\n<!-- \/ Yoast SEO plugin. -->","yoast_head_json":{"title":"La po\u00e9sie parcourt le monde... Pays Perdu - La Musaraigne","robots":{"index":"index","follow":"follow","max-snippet":"max-snippet:-1","max-image-preview":"max-image-preview:large","max-video-preview":"max-video-preview:-1"},"canonical":"https:\/\/lamusaraigne.com\/index.php\/2026\/02\/04\/la-poesie-parcourt-le-monde-pays-perdu\/","og_locale":"en_US","og_type":"article","og_title":"La po\u00e9sie parcourt le monde... Pays Perdu - La Musaraigne","og_description":"Des po\u00e8mes de Georges de Cagliari sont mis en ligne sur la page facebook, vus et comment\u00e9s par des milliers de personnes de par le monde. Merci \u00e0 la communaut\u00e9 des ami.es de Georges de Cagliari.","og_url":"https:\/\/lamusaraigne.com\/index.php\/2026\/02\/04\/la-poesie-parcourt-le-monde-pays-perdu\/","og_site_name":"La Musaraigne","article_published_time":"2026-02-04T17:00:01+00:00","article_modified_time":"2026-02-04T17:00:03+00:00","author":"Sara","twitter_card":"summary_large_image","twitter_misc":{"Written by":"Sara","Est. reading time":"1 minute"},"schema":{"@context":"https:\/\/schema.org","@graph":[{"@type":"Article","@id":"https:\/\/lamusaraigne.com\/index.php\/2026\/02\/04\/la-poesie-parcourt-le-monde-pays-perdu\/#article","isPartOf":{"@id":"https:\/\/lamusaraigne.com\/index.php\/2026\/02\/04\/la-poesie-parcourt-le-monde-pays-perdu\/"},"author":{"name":"Sara","@id":"http:\/\/lamusaraigne.com\/#\/schema\/person\/760b20ee454da6fee232b30b5f65c6f3"},"headline":"La po\u00e9sie parcourt le monde&#8230; Pays Perdu","datePublished":"2026-02-04T17:00:01+00:00","dateModified":"2026-02-04T17:00:03+00:00","mainEntityOfPage":{"@id":"https:\/\/lamusaraigne.com\/index.php\/2026\/02\/04\/la-poesie-parcourt-le-monde-pays-perdu\/"},"wordCount":190,"publisher":{"@id":"http:\/\/lamusaraigne.com\/#organization"},"articleSection":["La po\u00e9sie parcourt le monde"],"inLanguage":"en-US"},{"@type":"WebPage","@id":"https:\/\/lamusaraigne.com\/index.php\/2026\/02\/04\/la-poesie-parcourt-le-monde-pays-perdu\/","url":"https:\/\/lamusaraigne.com\/index.php\/2026\/02\/04\/la-poesie-parcourt-le-monde-pays-perdu\/","name":"La po\u00e9sie parcourt le monde... Pays Perdu - La Musaraigne","isPartOf":{"@id":"http:\/\/lamusaraigne.com\/#website"},"datePublished":"2026-02-04T17:00:01+00:00","dateModified":"2026-02-04T17:00:03+00:00","breadcrumb":{"@id":"https:\/\/lamusaraigne.com\/index.php\/2026\/02\/04\/la-poesie-parcourt-le-monde-pays-perdu\/#breadcrumb"},"inLanguage":"en-US","potentialAction":[{"@type":"ReadAction","target":["https:\/\/lamusaraigne.com\/index.php\/2026\/02\/04\/la-poesie-parcourt-le-monde-pays-perdu\/"]}]},{"@type":"BreadcrumbList","@id":"https:\/\/lamusaraigne.com\/index.php\/2026\/02\/04\/la-poesie-parcourt-le-monde-pays-perdu\/#breadcrumb","itemListElement":[{"@type":"ListItem","position":1,"name":"Accueil","item":"https:\/\/lamusaraigne.com\/"},{"@type":"ListItem","position":2,"name":"La po\u00e9sie parcourt le monde&#8230; Pays Perdu"}]},{"@type":"WebSite","@id":"http:\/\/lamusaraigne.com\/#website","url":"http:\/\/lamusaraigne.com\/","name":"La Musaraigne","description":"\u00c9diteur ind\u00e9pendant","publisher":{"@id":"http:\/\/lamusaraigne.com\/#organization"},"potentialAction":[{"@type":"SearchAction","target":{"@type":"EntryPoint","urlTemplate":"http:\/\/lamusaraigne.com\/?s={search_term_string}"},"query-input":{"@type":"PropertyValueSpecification","valueRequired":true,"valueName":"search_term_string"}}],"inLanguage":"en-US"},{"@type":"Organization","@id":"http:\/\/lamusaraigne.com\/#organization","name":"La Musaraigne","url":"http:\/\/lamusaraigne.com\/","logo":{"@type":"ImageObject","inLanguage":"en-US","@id":"http:\/\/lamusaraigne.com\/#\/schema\/logo\/image\/","url":"https:\/\/lamusaraigne.com\/wp-content\/uploads\/2024\/11\/la-musaraigne-logo-rond-1-e1732641360688.png","contentUrl":"https:\/\/lamusaraigne.com\/wp-content\/uploads\/2024\/11\/la-musaraigne-logo-rond-1-e1732641360688.png","width":250,"height":250,"caption":"La Musaraigne"},"image":{"@id":"http:\/\/lamusaraigne.com\/#\/schema\/logo\/image\/"}},{"@type":"Person","@id":"http:\/\/lamusaraigne.com\/#\/schema\/person\/760b20ee454da6fee232b30b5f65c6f3","name":"Sara","image":{"@type":"ImageObject","inLanguage":"en-US","@id":"http:\/\/lamusaraigne.com\/#\/schema\/person\/image\/","url":"https:\/\/secure.gravatar.com\/avatar\/cb75b2ce2cac3c41adcbc14cbaa09418f8620b1627fc87f4f535f1a7a1130a36?s=96&d=mm&r=g","contentUrl":"https:\/\/secure.gravatar.com\/avatar\/cb75b2ce2cac3c41adcbc14cbaa09418f8620b1627fc87f4f535f1a7a1130a36?s=96&d=mm&r=g","caption":"Sara"},"sameAs":["http:\/\/lamusaraigne.com"],"url":"https:\/\/lamusaraigne.com\/index.php\/author\/sara\/"}]}},"_links":{"self":[{"href":"https:\/\/lamusaraigne.com\/index.php\/wp-json\/wp\/v2\/posts\/239","targetHints":{"allow":["GET"]}}],"collection":[{"href":"https:\/\/lamusaraigne.com\/index.php\/wp-json\/wp\/v2\/posts"}],"about":[{"href":"https:\/\/lamusaraigne.com\/index.php\/wp-json\/wp\/v2\/types\/post"}],"author":[{"embeddable":true,"href":"https:\/\/lamusaraigne.com\/index.php\/wp-json\/wp\/v2\/users\/1"}],"replies":[{"embeddable":true,"href":"https:\/\/lamusaraigne.com\/index.php\/wp-json\/wp\/v2\/comments?post=239"}],"version-history":[{"count":11,"href":"https:\/\/lamusaraigne.com\/index.php\/wp-json\/wp\/v2\/posts\/239\/revisions"}],"predecessor-version":[{"id":260,"href":"https:\/\/lamusaraigne.com\/index.php\/wp-json\/wp\/v2\/posts\/239\/revisions\/260"}],"wp:attachment":[{"href":"https:\/\/lamusaraigne.com\/index.php\/wp-json\/wp\/v2\/media?parent=239"}],"wp:term":[{"taxonomy":"category","embeddable":true,"href":"https:\/\/lamusaraigne.com\/index.php\/wp-json\/wp\/v2\/categories?post=239"},{"taxonomy":"post_tag","embeddable":true,"href":"https:\/\/lamusaraigne.com\/index.php\/wp-json\/wp\/v2\/tags?post=239"}],"curies":[{"name":"wp","href":"https:\/\/api.w.org\/{rel}","templated":true}]}}